{"id":5385,"date":"2024-10-20T13:50:59","date_gmt":"2024-10-20T11:50:59","guid":{"rendered":"https:\/\/www.costes.hu\/head-sommelier-kollegank-a-legjobbak-kozott-versenyez\/"},"modified":"2024-10-24T13:57:47","modified_gmt":"2024-10-24T11:57:47","slug":"head-sommelier-kollegank-a-legjobbak-kozott-versenyez","status":"publish","type":"post","link":"https:\/\/costes.group\/hu\/head-sommelier-kollegank-a-legjobbak-kozott-versenyez\/","title":{"rendered":"Head Sommelier koll\u00e9g\u00e1nk a legjobbak k\u00f6z\u00f6tt versenyez"},"content":{"rendered":"\n<p>Paizs D\u00e1vid, a Costes Downtown Head Sommelier-je r\u00e9szt vesz a Magyar Sommelier Club \u00e1ltal szervezett I. Ny\u00edlt Magyar Sommelier Bajnoks\u00e1gon.&#13;\n<\/p>\n\n<p>Az okt\u00f3ber 20-21. k\u00f6z\u00f6tti esem\u00e9nyre a szerb, osztr\u00e1k \u00e9s lengyel sz\u00f6vets\u00e9g is elk\u00fcldte a legnevesebb szakembereit, \u00edgy val\u00f3j\u00e1ban egy nemzetk\u00f6zi mez\u0151ny alakult ki. Maga a verseny rendk\u00edv\u00fcl \u00f6sszetett: az els\u0151 fordul\u00f3ban a r\u00e9sztvev\u0151k elm\u00e9leti tud\u00e1s\u00e1t tesztelik, a k\u00f6z\u00e9pd\u00f6nt\u0151ben gyakorlati kih\u00edv\u00e1sok v\u00e1rnak r\u00e1juk, m\u00edg a d\u00f6nt\u0151ben az el\u0151ad\u00e1sm\u00f3d is sokat nyom a latba. A feladatokat r\u00e1ad\u00e1sul id\u0151re kell teljes\u00edteni, az utols\u00f3 r\u00e9szt pedig m\u00e1r k\u00f6z\u00f6ns\u00e9g el\u0151tt rendezik. Szakmai berkekben nagy jelent\u0151s\u00e9ge van annak is, hogy a bajnoks\u00e1got id\u00e9n el\u0151sz\u00f6r a Magyar Sommelier Club \u00e9s a Magyar Sommelier Sz\u00f6vets\u00e9g k\u00f6z\u00f6sen hirdette meg.&#13;\n<\/p>\n\n<p>Paizs D\u00e1vid koll\u00e9g\u00e1nk k\u00e9t \u00e9ve n\u00e9lk\u00fcl\u00f6zhetetlen tagja a csapatunknak, a Costes Downtown kiemelked\u0151 sz\u00ednvonal\u00fa borlapja is az \u0151 keze nyom\u00e1t dics\u00e9ri. B\u00fcszk\u00e9k vagyunk r\u00e1, hogy hazai sommelier k\u00f6z\u00f6ss\u00e9g legjobbjai k\u00f6z\u00f6tt m\u00e9retteti meg mag\u00e1t, a Costes Group egy emberk\u00e9nt drukkol neki.<\/p>\n\n<p>Hajr\u00e1, D\u00e1vid!<\/p>\n","protected":false},"excerpt":{"rendered":"<p>Paizs D\u00e1vid, a Costes Downtown Head Sommelier-je r\u00e9szt vesz a Magyar Sommelier Club \u00e1ltal szervezett I. Ny\u00edlt Magyar Sommelier Bajnoks\u00e1gon.&#13; Az okt\u00f3ber 20-21. k\u00f6z\u00f6tti esem\u00e9nyre a szerb, osztr\u00e1k \u00e9s lengyel sz\u00f6vets\u00e9g is elk\u00fcldte a legnevesebb szakembereit, \u00edgy val\u00f3j\u00e1ban egy nemzetk\u00f6zi mez\u0151ny alakult ki. Maga a verseny rendk\u00edv\u00fcl \u00f6sszetett: az els\u0151 fordul\u00f3ban a r\u00e9sztvev\u0151k elm\u00e9leti tud\u00e1s\u00e1t &#8230; <a title=\"Head Sommelier koll\u00e9g\u00e1nk a legjobbak k\u00f6z\u00f6tt versenyez\" class=\"read-more\" href=\"https:\/\/costes.group\/hu\/head-sommelier-kollegank-a-legjobbak-kozott-versenyez\/\" aria-label=\"Read more about Head Sommelier koll\u00e9g\u00e1nk a legjobbak k\u00f6z\u00f6tt versenyez\">Olvass tov\u00e1bb<\/a><\/p>\n","protected":false},"author":2,"featured_media":5383,"comment_status":"open","ping_status":"open","sticky":false,"template":"","format":"standard","meta":{"footnotes":""},"categories":[1],"tags":[],"class_list":["post-5385","post","type-post","status-publish","format-standard","has-post-thumbnail","hentry","category-uncategorized-hu"],"_links":{"self":[{"href":"https:\/\/costes.group\/hu\/wp-json\/wp\/v2\/posts\/5385","targetHints":{"allow":["GET"]}}],"collection":[{"href":"https:\/\/costes.group\/hu\/wp-json\/wp\/v2\/posts"}],"about":[{"href":"https:\/\/costes.group\/hu\/wp-json\/wp\/v2\/types\/post"}],"author":[{"embeddable":true,"href":"https:\/\/costes.group\/hu\/wp-json\/wp\/v2\/users\/2"}],"replies":[{"embeddable":true,"href":"https:\/\/costes.group\/hu\/wp-json\/wp\/v2\/comments?post=5385"}],"version-history":[{"count":5,"href":"https:\/\/costes.group\/hu\/wp-json\/wp\/v2\/posts\/5385\/revisions"}],"predecessor-version":[{"id":5390,"href":"https:\/\/costes.group\/hu\/wp-json\/wp\/v2\/posts\/5385\/revisions\/5390"}],"wp:featuredmedia":[{"embeddable":true,"href":"https:\/\/costes.group\/hu\/wp-json\/wp\/v2\/media\/5383"}],"wp:attachment":[{"href":"https:\/\/costes.group\/hu\/wp-json\/wp\/v2\/media?parent=5385"}],"wp:term":[{"taxonomy":"category","embeddable":true,"href":"https:\/\/costes.group\/hu\/wp-json\/wp\/v2\/categories?post=5385"},{"taxonomy":"post_tag","embeddable":true,"href":"https:\/\/costes.group\/hu\/wp-json\/wp\/v2\/tags?post=5385"}],"curies":[{"name":"wp","href":"https:\/\/api.w.org\/{rel}","templated":true}]}}